{"id":23488,"date":"2026-05-18T13:53:48","date_gmt":"2026-05-18T13:53:48","guid":{"rendered":"https:\/\/lemonsjoe.no\/sommer-am-lemonsjoen\/"},"modified":"2026-08-17T07:12:20","modified_gmt":"2026-08-17T07:12:20","slug":"sommer-am-lemonsjoen","status":"publish","type":"post","link":"https:\/\/lemonsjoe.no\/de\/sommer-am-lemonsjoen\/","title":{"rendered":"Sommer am Lemonsj\u00f8en"},"content":{"rendered":"\n<figure class=\"wp-block-image size-large\"><img decoding=\"async\" width=\"1024\" height=\"768\" data-src=\"https:\/\/lemonsjoe.no\/wp-content\/uploads\/2026\/05\/Veslevassfjellet-utsikt-1024x768.jpeg\" alt=\"\" class=\"wp-image-23439 lazyload\" data-srcset=\"https:\/\/lemonsjoe.no\/wp-content\/uploads\/2026\/05\/Veslevassfjellet-utsikt-1024x768.jpeg 1024w, https:\/\/lemonsjoe.no\/wp-content\/uploads\/2026\/05\/Veslevassfjellet-utsikt-300x225.jpeg 300w, https:\/\/lemonsjoe.no\/wp-content\/uploads\/2026\/05\/Veslevassfjellet-utsikt-768x576.jpeg 768w, https:\/\/lemonsjoe.no\/wp-content\/uploads\/2026\/05\/Veslevassfjellet-utsikt.jpeg 1227w\" data-sizes=\"(max-width: 1024px) 100vw, 1024px\" src=\"data:image\/svg+xml;base64,PHN2ZyB3aWR0aD0iMSIgaGVpZ2h0PSIxIiB4bWxucz0iaHR0cDovL3d3dy53My5vcmcvMjAwMC9zdmciPjwvc3ZnPg==\" style=\"--smush-placeholder-width: 1024px; --smush-placeholder-aspect-ratio: 1024\/768;\" \/><\/figure>\n\n<p class=\"wp-block-paragraph\"><strong>Sommersesongen 2026 kj\u00f8res igang fra 22. Mai, med \u00e5pent hver dag* frem til 4. Oktober!<\/strong><br\/>*Vorbehaltlich etwaiger Ausnahmen; derzeit sind keine bekannt.<\/p>\n\n<p class=\"wp-block-paragraph\"><strong>\u00d6ffnungszeiten 22.05.\u201318.06.2026<\/strong><br\/>Montag\u2013Samstag 11.00\u201320.00 Uhr (K\u00fcche bis 19.30 Uhr)<br\/>Sonntag 11:00\u201319:00 Uhr (K\u00fcche bis 18:30 Uhr)<\/p>\n\n<p class=\"wp-block-paragraph\"><strong>\u00c5pningstider 19.06.2026 \u2013 Sommerferien<\/strong><br\/>Mandag \u2013 L\u00f8rdag 11.00-21.00 (kj\u00f8kken til 20.30)<br\/>S\u00f8ndag 11.00-20.00 (kj\u00f8kken til 19.00)<\/p>\n\n<p class=\"wp-block-paragraph\"><strong>\u00c5pningstider 17.08.2026 \u2013 August<\/strong><br\/>Mandag \u2013 L\u00f8rdag 11.00-21.00 (kj\u00f8kken til 20.00)<br\/>S\u00f8ndag 11.00-20.00 (kj\u00f8kken til 19.00)<\/p>\n\n<p class=\"wp-block-paragraph\">Bei uns k\u00f6nnen Sie essen und \u00fcbernachten, sich entspannen und neue Energie f\u00fcr Ihre Erlebnisse oder die weitere Reise tanken. <\/p>\n\n<p class=\"wp-block-paragraph\">Overnatting i rom og hytter kan bestilles online, portalen er alltid oppdatert. Bord for inntil 8 personer kan ogs\u00e5 bestilles online via easytable. Eventuelt ring oss med din foresp\u00f8rsel!<br\/><br\/>Vi trives godt med det vante s\u00e5 om du har vert hos oss tidligere vil du lett kjenne deg igjen, det g\u00e5r i den vante tralten! Hyttene v\u00e5re har f\u00e5tt nye vinduer i v\u00e5r, det var et godt l\u00f8ft. S\u00e5 er vi i gang med en ekte vinkjeller med jordgulv, slik at vinen v\u00e5r f\u00e5r optimale forhold.<br\/><br\/><strong>Einige Neuigkeiten sind dennoch erw\u00e4hnenswert!<\/strong><br\/>* N\u00e5 er det enklere \u00e5 komme seg hit uten bil! VY Buss har satt opp ny rute, det er vi veldig takknemlige for! Sjekk denne; <strong>8. juni-28. august 2026; VY Express buss <a href=\"https:\/\/www.vy.no\/se-reiseforslag?from=Oslo+S+%28Oslo+Sentralstasjon%29&amp;fromDateTime=2026-06-08T06%3A31%3A59.000Z&amp;to=Lemonsj%C3%B8+fjellstue&amp;fromExternalId=NSR%3ANSR%3AStopPlace%3A59872%2CRESROBOT%3A760000100&amp;toExternalId=NSR%3ANSR%3AStopPlace%3A12197%2CENTUR%3ANSR%3AStopPlace%3A12197&amp;fromPosition=59.910357%2C10.753051&amp;toPosition=61.759343%2C9.074315&amp;fromCategories=W3siaWQiOiJyYWlsd2F5LXN0YXRpb24iLCJuYW1lIjoiVG9nc3Rhc2pvbiJ9LHsiaWQiOiJidXMtc3RvcCIsIm5hbWUiOiIifV0&amp;toCategories=W3siaWQiOiJidXMtc3RvcCIsIm5hbWUiOiIifV0&amp;fromTariffZones=W3siaWQiOiJSVVQ6RmFyZVpvbmU6NCIsIm5hbWUiOiIxIn1d&amp;toTariffZones=W10&amp;passengers=W3siaWQiOjAsImFnZSI6bnVsbCwiZGlzY291bnRzIjpbXSwiY2F0ZWdvcnkiOiJBZHVsdCIsIm5hbWUiOiJWb2tzZW4iLCJpbnRlcnJhaWxDb2RlIjpudWxsfV0&amp;addons=W3sidHlwZSI6ImJpY3ljbGUiLCJudW1iZXJUb0J1eSI6MH0seyJ0eXBlIjoibGFyZ2VfYW5pbWFsIiwibnVtYmVyVG9CdXkiOjB9LHsidHlwZSI6InNtYWxsX2FuaW1hbCIsIm51bWJlclRvQnV5IjowfSx7InR5cGUiOiJzdHJvbGxlciIsIm51bWJlclRvQnV5IjowfSx7InR5cGUiOiJ3aGVlbGNoYWlyIiwibnVtYmVyVG9CdXkiOjB9XQ&amp;includeModes=bus&amp;direction=OUTBOUND\" target=\"_blank\" rel=\"noreferrer noopener\">VY450 Oslo-\u00c5lesund (ekstern lenke)<\/a><br\/>Oslo, Fagernes, Beitost\u00f8len, Valdresflya, Lemonsj\u00f8, Lom, Geiranger, \u00c5lesund.<\/strong> Hver dag, en avgang hver vei!<br\/>* <strong><a href=\"https:\/\/bikeandhike.no\/turforslag\/\" target=\"_blank\" rel=\"noreferrer noopener\">Bike&amp;Hike Jotunheimen<\/a> (extern lenke)<\/strong>, med base her hos oss p\u00e5 Lemonsj\u00f8en, utvider stadig! N\u00e5 finner du det siste innen Mountain EL, Gravel Racer og Mountain Bike tilgjengelig. Sjekk ogs\u00e5 siste innen opplevelser fra sykkelsete; SIGNATURTUR HEIDAL!<br\/>* <strong><a href=\"https:\/\/thelocals.no\/\" target=\"_blank\" rel=\"noreferrer noopener\">The Locals<\/a> (ekstern lenke)<\/strong>, nystartet aktivitetsfirma med base p\u00e5 Lemonsj\u00f8en, tilbyr fine, spennende, l\u00e6rerike guidede opplevelser i omr\u00e5det. Vertskapet bak er ikke nye. Dette er Karola og Andre som frem til januar 2026 drev Hindseter, alts\u00e5 her for du ekte lokalkjennskap med p\u00e5 turen!<\/p>\n\n<p class=\"wp-block-paragraph\">Wir freuen uns auf einen neuen Sommer am Lemonsj\u00f8en und hoffen, dass Sie uns besuchen kommen \u2013 HERZLICH <strong>WILLKOMMEN<\/strong>!<\/p>\n\n<p class=\"wp-block-paragraph\">Mit freundlichen Gr\u00fc\u00dfen<br\/>Marit, Tor-Ivar und Mari<\/p>\n","protected":false},"excerpt":{"rendered":"<p>Sommersesongen 2026 kj\u00f8res igang fra 22. Mai, med \u00e5pent hver dag* frem til 4. Oktober!*Vorbehaltlich etwaiger Ausnahmen; derzeit sind keine bekannt. \u00d6ffnungszeiten 22.05.\u201318.06.2026Montag\u2013Samstag 11.00\u201320.00 Uhr (K\u00fcche bis 19.30 Uhr)Sonntag 11:00\u201319:00 Uhr (K\u00fcche bis 18:30 Uhr) \u00c5pningstider 19.06.2026 \u2013 SommerferienMandag \u2013 L\u00f8rdag 11.00-21.00 (kj\u00f8kken til 20.30)S\u00f8ndag 11.00-20.00 (kj\u00f8kken til 19.00) \u00c5pningstider 17.08.2026 \u2013 AugustMandag \u2013 L\u00f8rdag&hellip;<\/p>\n","protected":false},"author":2,"featured_media":0,"comment_status":"closed","ping_status":"closed","sticky":false,"template":"","format":"standard","meta":{"_acf_changed":false,"wds_primary_category":0,"footnotes":""},"categories":[1],"tags":[50,49,48,51],"class_list":["post-23488","post","type-post","status-publish","format-standard","hentry","category-uncategorized-no","tag-aktivitaten","tag-offnungszeiten","tag-sommer","tag-transport"],"acf":[],"_links":{"self":[{"href":"https:\/\/lemonsjoe.no\/de\/wp-json\/wp\/v2\/posts\/23488","targetHints":{"allow":["GET"]}}],"collection":[{"href":"https:\/\/lemonsjoe.no\/de\/wp-json\/wp\/v2\/posts"}],"about":[{"href":"https:\/\/lemonsjoe.no\/de\/wp-json\/wp\/v2\/types\/post"}],"author":[{"embeddable":true,"href":"https:\/\/lemonsjoe.no\/de\/wp-json\/wp\/v2\/users\/2"}],"replies":[{"embeddable":true,"href":"https:\/\/lemonsjoe.no\/de\/wp-json\/wp\/v2\/comments?post=23488"}],"version-history":[{"count":2,"href":"https:\/\/lemonsjoe.no\/de\/wp-json\/wp\/v2\/posts\/23488\/revisions"}],"predecessor-version":[{"id":23525,"href":"https:\/\/lemonsjoe.no\/de\/wp-json\/wp\/v2\/posts\/23488\/revisions\/23525"}],"wp:attachment":[{"href":"https:\/\/lemonsjoe.no\/de\/wp-json\/wp\/v2\/media?parent=23488"}],"wp:term":[{"taxonomy":"category","embeddable":true,"href":"https:\/\/lemonsjoe.no\/de\/wp-json\/wp\/v2\/categories?post=23488"},{"taxonomy":"post_tag","embeddable":true,"href":"https:\/\/lemonsjoe.no\/de\/wp-json\/wp\/v2\/tags?post=23488"}],"curies":[{"name":"wp","href":"https:\/\/api.w.org\/{rel}","templated":true}]}}